{"id":1530,"date":"2024-09-14T16:01:51","date_gmt":"2024-09-14T16:01:51","guid":{"rendered":"https:\/\/groupecasarenova.ca\/?p=1530"},"modified":"2024-09-20T11:13:52","modified_gmt":"2024-09-20T11:13:52","slug":"optimisez-vos-renovations-a-laval-avec-groupe-casa-renova","status":"publish","type":"post","link":"https:\/\/groupecasarenova.ca\/fr\/optimisez-vos-renovations-a-laval-avec-groupe-casa-renova\/","title":{"rendered":"Optimisez vos r\u00e9novations \u00e0 Laval avec Groupe Casa R\u00e9nova"},"content":{"rendered":"<figure class=\"wp-block-image size-large\"><img fetchpriority=\"high\" decoding=\"async\" width=\"1024\" height=\"683\" src=\"https:\/\/groupecasarenova.ca\/wp-content\/uploads\/2024\/09\/IMG_9731-2-1024x683.jpeg\" alt=\"\" class=\"wp-image-1531\" srcset=\"https:\/\/groupecasarenova.ca\/wp-content\/uploads\/2024\/09\/IMG_9731-2-1024x683.jpeg 1024w, https:\/\/groupecasarenova.ca\/wp-content\/uploads\/2024\/09\/IMG_9731-2-300x200.jpeg 300w, https:\/\/groupecasarenova.ca\/wp-content\/uploads\/2024\/09\/IMG_9731-2-768x512.jpeg 768w, https:\/\/groupecasarenova.ca\/wp-content\/uploads\/2024\/09\/IMG_9731-2-18x12.jpeg 18w, https:\/\/groupecasarenova.ca\/wp-content\/uploads\/2024\/09\/IMG_9731-2.jpeg 1170w\" sizes=\"(max-width: 1024px) 100vw, 1024px\" \/><\/figure>\n\n\n\n<p><\/p>\n\n\n\n<p>Si vous \u00eates \u00e0 la recherche d\u2019un entrepreneur de confiance pour vos projets de r\u00e9novation \u00e0 Laval, plus particuli\u00e8rement dans le quartier de Fabreville, ne cherchez pas plus loin que Groupe Casa R\u00e9nova. Avec des ann\u00e9es d\u2019exp\u00e9rience et un engagement \u00e0 offrir un service de qualit\u00e9 sup\u00e9rieure, nous transformons vos espaces pour les adapter \u00e0 vos besoins.<\/p>\n\n\n\n<p>Pourquoi choisir <a href=\"https:\/\/m.yelp.ca\/biz\/groupe-casa-r%C3%A9nova-laval\">Groupe Casa R\u00e9nova<\/a>?<\/p>\n\n\n\n<p>En tant qu\u2019entrepreneur \u00e0 Laval, nous comprenons l\u2019importance de chaque d\u00e9tail dans une r\u00e9novation. Que vous souhaitiez moderniser votre cuisine, r\u00e9nover votre salle de bain ou entreprendre des travaux d\u2019extension, notre \u00e9quipe est l\u00e0 pour vous guider \u00e0 chaque \u00e9tape du processus. Nos services sont offerts \u00e0 travers diff\u00e9rents secteurs de Laval, y compris Fabreville, o\u00f9 nous avons d\u00e9j\u00e0 r\u00e9alis\u00e9 plusieurs projets qui ont d\u00e9pass\u00e9 les attentes de nos clients.<\/p>\n\n\n\n<p>R\u00e9novation \u00e0 Fabreville: Une sp\u00e9cialit\u00e9 locale<\/p>\n\n\n\n<p>Fabreville est un quartier en pleine croissance \u00e0 Laval, et de plus en plus de propri\u00e9taires cherchent \u00e0 moderniser leurs maisons pour suivre cette dynamique. Chez <a href=\"https:\/\/www.crunchbase.com\/organization\/groupe-casa-r%C3%A9nova\">Groupe Casa R\u00e9nova<\/a>, nous avons une expertise approfondie des besoins sp\u00e9cifiques des r\u00e9sidents de Fabreville. Nos r\u00e9novations sont con\u00e7ues pour am\u00e9liorer la fonctionnalit\u00e9 et l\u2019esth\u00e9tique de votre maison tout en augmentant sa valeur.<\/p>\n\n\n\n<p>Un service personnalis\u00e9 pour chaque projet de r\u00e9novation<\/p>\n\n\n\n<p>Nous savons que chaque maison est unique, tout comme chaque projet de r\u00e9novation. C\u2019est pourquoi nous offrons un service personnalis\u00e9 qui prend en compte vos go\u00fbts, vos besoins et votre budget. Nos experts en r\u00e9novation \u00e0 Laval travaillent en \u00e9troite collaboration avec vous pour transformer votre vision en r\u00e9alit\u00e9, en utilisant des mat\u00e9riaux de qualit\u00e9 et les derni\u00e8res techniques de construction.<\/p>\n\n\n\n<p>Faites appel \u00e0 un entrepreneur de confiance \u00e0 Laval<\/p>\n\n\n\n<p>Choisir un entrepreneur pour vos r\u00e9novations est une d\u00e9cision importante. Chez Groupe Casa R\u00e9nova, nous mettons un point d\u2019honneur \u00e0 respecter les d\u00e9lais, \u00e0 offrir un service transparent et \u00e0 garantir la satisfaction de nos clients. Nous sommes fiers de notre r\u00e9putation dans la communaut\u00e9 lavalloise, notamment \u00e0 Fabreville, o\u00f9 nous avons b\u00e2ti une relation de confiance avec les propri\u00e9taires locaux.<\/p>\n\n\n\n<p>Contactez-nous d\u00e8s aujourd\u2019hui<\/p>\n\n\n\n<p>Si vous envisagez des r\u00e9novations \u00e0 Laval, contactez Groupe Casa R\u00e9nova d\u00e8s aujourd\u2019hui. Que vous soyez \u00e0 Fabreville ou dans d\u2019autres quartiers de Laval, nous sommes l\u00e0 pour vous aider \u00e0 donner vie \u00e0 vos projets de r\u00e9novation.<\/p>\n\n\n\n<p>Ne laissez pas vos id\u00e9es de r\u00e9novation attendre, transformez votre maison d\u00e8s maintenant avec un entrepreneur de confiance \u00e0 Laval.<\/p>\n\n\n\n<p>Appelez-nous pour un devis gratuit et d\u00e9couvrez pourquoi nous sommes les experts en <a href=\"https:\/\/groupecasarenova.ca\/fr\/blog\/\">r\u00e9novation \u00e0 Laval<\/a>!<\/p>","protected":false},"excerpt":{"rendered":"<p>Si vous \u00eates \u00e0 la recherche d\u2019un entrepreneur de confiance pour vos projets de r\u00e9novation \u00e0 Laval, plus particuli\u00e8rement dans [&hellip;]<\/p>\n","protected":false},"author":2,"featured_media":0,"comment_status":"closed","ping_status":"open","sticky":false,"template":"","format":"standard","meta":{"site-sidebar-layout":"default","site-content-layout":"","ast-site-content-layout":"default","site-content-style":"default","site-sidebar-style":"default","ast-global-header-display":"","ast-banner-title-visibility":"","ast-main-header-display":"","ast-hfb-above-header-display":"","ast-hfb-below-header-display":"","ast-hfb-mobile-header-display":"","site-post-title":"","ast-breadcrumbs-content":"","ast-featured-img":"","footer-sml-layout":"","ast-disable-related-posts":"","theme-transparent-header-meta":"","adv-header-id-meta":"","stick-header-meta":"","header-above-stick-meta":"","header-main-stick-meta":"","header-below-stick-meta":"","astra-migrate-meta-layouts":"default","ast-page-background-enabled":"default","ast-page-background-meta":{"desktop":{"background-color":"var(--ast-global-color-4)","background-image":"","background-repeat":"repeat","background-position":"center center","background-size":"auto","background-attachment":"scroll","background-type":"","background-media":"","overlay-type":"","overlay-color":"","overlay-opacity":"","overlay-gradient":""},"tablet":{"background-color":"","background-image":"","background-repeat":"repeat","background-position":"center center","background-size":"auto","background-attachment":"scroll","background-type":"","background-media":"","overlay-type":"","overlay-color":"","overlay-opacity":"","overlay-gradient":""},"mobile":{"background-color":"","background-image":"","background-repeat":"repeat","background-position":"center center","background-size":"auto","background-attachment":"scroll","background-type":"","background-media":"","overlay-type":"","overlay-color":"","overlay-opacity":"","overlay-gradient":""}},"ast-content-background-meta":{"desktop":{"background-color":"var(--ast-global-color-5)","background-image":"","background-repeat":"repeat","background-position":"center center","background-size":"auto","background-attachment":"scroll","background-type":"","background-media":"","overlay-type":"","overlay-color":"","overlay-opacity":"","overlay-gradient":""},"tablet":{"background-color":"var(--ast-global-color-5)","background-image":"","background-repeat":"repeat","background-position":"center center","background-size":"auto","background-attachment":"scroll","background-type":"","background-media":"","overlay-type":"","overlay-color":"","overlay-opacity":"","overlay-gradient":""},"mobile":{"background-color":"var(--ast-global-color-5)","background-image":"","background-repeat":"repeat","background-position":"center center","background-size":"auto","background-attachment":"scroll","background-type":"","background-media":"","overlay-type":"","overlay-color":"","overlay-opacity":"","overlay-gradient":""}},"footnotes":""},"categories":[1],"tags":[],"class_list":["post-1530","post","type-post","status-publish","format-standard","hentry","category-renovation-et-construction"],"yoast_head":"<!-- This site is optimized with the Yoast SEO plugin v27.2 - https:\/\/yoast.com\/product\/yoast-seo-wordpress\/ -->\n<title>Optimisez vos r\u00e9novations \u00e0 Laval avec Groupe Casa R\u00e9nova - Groupe Casa R\u00e9nova<\/title>\n<meta name=\"description\" content=\"Si vous \u00eates \u00e0 la recherche d\u2019un entrepreneur de confiance pour vos projets de r\u00e9novation \u00e0 Laval, plus particuli\u00e8rement dans le quartier de Fabreville, - Optimisez vos r\u00e9novations \u00e0 Laval avec Groupe Casa R\u00e9nova\" \/>\n<meta name=\"robots\" content=\"index, follow, max-snippet:-1, max-image-preview:large, max-video-preview:-1\" \/>\n<link rel=\"canonical\" href=\"https:\/\/groupecasarenova.ca\/fr\/optimisez-vos-renovations-a-laval-avec-groupe-casa-renova\/\" \/>\n<meta property=\"og:locale\" content=\"fr_CA\" \/>\n<meta property=\"og:type\" content=\"article\" \/>\n<meta property=\"og:title\" content=\"Optimisez vos r\u00e9novations \u00e0 Laval avec Groupe Casa R\u00e9nova - Groupe Casa R\u00e9nova\" \/>\n<meta property=\"og:description\" content=\"Si vous \u00eates \u00e0 la recherche d\u2019un entrepreneur de confiance pour vos projets de r\u00e9novation \u00e0 Laval, plus particuli\u00e8rement dans le quartier de Fabreville, - Optimisez vos r\u00e9novations \u00e0 Laval avec Groupe Casa R\u00e9nova\" \/>\n<meta property=\"og:url\" content=\"https:\/\/groupecasarenova.ca\/fr\/optimisez-vos-renovations-a-laval-avec-groupe-casa-renova\/\" \/>\n<meta property=\"og:site_name\" content=\"Groupe Casa R\u00e9nova\" \/>\n<meta property=\"article:publisher\" content=\"https:\/\/www.facebook.com\/profile.php?id=61556683776192&amp;mibextid=LQQJ4d\" \/>\n<meta property=\"article:published_time\" content=\"2024-09-14T16:01:51+00:00\" \/>\n<meta property=\"article:modified_time\" content=\"2024-09-20T11:13:52+00:00\" \/>\n<meta property=\"og:image\" content=\"https:\/\/groupecasarenova.ca\/wp-content\/uploads\/2024\/09\/IMG_9731-2-1024x683.jpeg\" \/>\n<meta name=\"author\" content=\"Groupe Casa Renova\" \/>\n<meta name=\"twitter:card\" content=\"summary_large_image\" \/>\n<meta name=\"twitter:label1\" content=\"\u00c9crit par\" \/>\n\t<meta name=\"twitter:data1\" content=\"Groupe Casa Renova\" \/>\n\t<meta name=\"twitter:label2\" content=\"Estimation du temps de lecture\" \/>\n\t<meta name=\"twitter:data2\" content=\"3 minutes\" \/>\n<script type=\"application\/ld+json\" class=\"yoast-schema-graph\">{\"@context\":\"https:\/\/schema.org\",\"@graph\":[{\"@type\":\"Article\",\"@id\":\"https:\/\/groupecasarenova.ca\/optimisez-vos-renovations-a-laval-avec-groupe-casa-renova\/#article\",\"isPartOf\":{\"@id\":\"https:\/\/groupecasarenova.ca\/optimisez-vos-renovations-a-laval-avec-groupe-casa-renova\/\"},\"author\":{\"name\":\"Groupe Casa Renova\",\"@id\":\"https:\/\/groupecasarenova.ca\/#\/schema\/person\/6cf9f03cdfbb0e6b04f3fc238e0d13d1\"},\"headline\":\"Optimisez vos r\u00e9novations \u00e0 Laval avec Groupe Casa R\u00e9nova\",\"datePublished\":\"2024-09-14T16:01:51+00:00\",\"dateModified\":\"2024-09-20T11:13:52+00:00\",\"mainEntityOfPage\":{\"@id\":\"https:\/\/groupecasarenova.ca\/optimisez-vos-renovations-a-laval-avec-groupe-casa-renova\/\"},\"wordCount\":459,\"publisher\":{\"@id\":\"https:\/\/groupecasarenova.ca\/#organization\"},\"image\":{\"@id\":\"https:\/\/groupecasarenova.ca\/optimisez-vos-renovations-a-laval-avec-groupe-casa-renova\/#primaryimage\"},\"thumbnailUrl\":\"https:\/\/groupecasarenova.ca\/wp-content\/uploads\/2024\/09\/IMG_9731-2-1024x683.jpeg\",\"articleSection\":[\"R\u00e9novation et Construction Grand Montr\u00e9al\"],\"inLanguage\":\"fr-CA\"},{\"@type\":\"WebPage\",\"@id\":\"https:\/\/groupecasarenova.ca\/optimisez-vos-renovations-a-laval-avec-groupe-casa-renova\/\",\"url\":\"https:\/\/groupecasarenova.ca\/optimisez-vos-renovations-a-laval-avec-groupe-casa-renova\/\",\"name\":\"Optimisez vos r\u00e9novations \u00e0 Laval avec Groupe Casa R\u00e9nova - Groupe Casa R\u00e9nova\",\"isPartOf\":{\"@id\":\"https:\/\/groupecasarenova.ca\/#website\"},\"primaryImageOfPage\":{\"@id\":\"https:\/\/groupecasarenova.ca\/optimisez-vos-renovations-a-laval-avec-groupe-casa-renova\/#primaryimage\"},\"image\":{\"@id\":\"https:\/\/groupecasarenova.ca\/optimisez-vos-renovations-a-laval-avec-groupe-casa-renova\/#primaryimage\"},\"thumbnailUrl\":\"https:\/\/groupecasarenova.ca\/wp-content\/uploads\/2024\/09\/IMG_9731-2-1024x683.jpeg\",\"datePublished\":\"2024-09-14T16:01:51+00:00\",\"dateModified\":\"2024-09-20T11:13:52+00:00\",\"description\":\"Si vous \u00eates \u00e0 la recherche d\u2019un entrepreneur de confiance pour vos projets de r\u00e9novation \u00e0 Laval, plus particuli\u00e8rement dans le quartier de Fabreville, - Optimisez vos r\u00e9novations \u00e0 Laval avec Groupe Casa R\u00e9nova\",\"breadcrumb\":{\"@id\":\"https:\/\/groupecasarenova.ca\/optimisez-vos-renovations-a-laval-avec-groupe-casa-renova\/#breadcrumb\"},\"inLanguage\":\"fr-CA\",\"potentialAction\":[{\"@type\":\"ReadAction\",\"target\":[\"https:\/\/groupecasarenova.ca\/optimisez-vos-renovations-a-laval-avec-groupe-casa-renova\/\"]}]},{\"@type\":\"ImageObject\",\"inLanguage\":\"fr-CA\",\"@id\":\"https:\/\/groupecasarenova.ca\/optimisez-vos-renovations-a-laval-avec-groupe-casa-renova\/#primaryimage\",\"url\":\"https:\/\/groupecasarenova.ca\/wp-content\/uploads\/2024\/09\/IMG_9731-2-1024x683.jpeg\",\"contentUrl\":\"https:\/\/groupecasarenova.ca\/wp-content\/uploads\/2024\/09\/IMG_9731-2-1024x683.jpeg\"},{\"@type\":\"BreadcrumbList\",\"@id\":\"https:\/\/groupecasarenova.ca\/optimisez-vos-renovations-a-laval-avec-groupe-casa-renova\/#breadcrumb\",\"itemListElement\":[{\"@type\":\"ListItem\",\"position\":1,\"name\":\"Home\",\"item\":\"https:\/\/groupecasarenova.ca\/en\/\"},{\"@type\":\"ListItem\",\"position\":2,\"name\":\"Optimisez vos r\u00e9novations \u00e0 Laval avec Groupe Casa R\u00e9nova\"}]},{\"@type\":\"WebSite\",\"@id\":\"https:\/\/groupecasarenova.ca\/#website\",\"url\":\"https:\/\/groupecasarenova.ca\/\",\"name\":\"Groupe Casa R\u00e9nova\",\"description\":\"R\u00e9novations &amp; Construction\",\"publisher\":{\"@id\":\"https:\/\/groupecasarenova.ca\/#organization\"},\"potentialAction\":[{\"@type\":\"SearchAction\",\"target\":{\"@type\":\"EntryPoint\",\"urlTemplate\":\"https:\/\/groupecasarenova.ca\/?s={search_term_string}\"},\"query-input\":{\"@type\":\"PropertyValueSpecification\",\"valueRequired\":true,\"valueName\":\"search_term_string\"}}],\"inLanguage\":\"fr-CA\"},{\"@type\":\"Organization\",\"@id\":\"https:\/\/groupecasarenova.ca\/#organization\",\"name\":\"Groupe Casa R\u00e9nova\",\"url\":\"https:\/\/groupecasarenova.ca\/\",\"logo\":{\"@type\":\"ImageObject\",\"inLanguage\":\"fr-CA\",\"@id\":\"https:\/\/groupecasarenova.ca\/#\/schema\/logo\/image\/\",\"url\":\"https:\/\/groupecasarenova.ca\/wp-content\/uploads\/2024\/03\/3B24A0D0-1443-4D71-9B8A-D3926B809349.png\",\"contentUrl\":\"https:\/\/groupecasarenova.ca\/wp-content\/uploads\/2024\/03\/3B24A0D0-1443-4D71-9B8A-D3926B809349.png\",\"width\":4000,\"height\":2416,\"caption\":\"Groupe Casa R\u00e9nova\"},\"image\":{\"@id\":\"https:\/\/groupecasarenova.ca\/#\/schema\/logo\/image\/\"},\"sameAs\":[\"https:\/\/www.facebook.com\/profile.php?id=61556683776192&mibextid=LQQJ4d\",\"https:\/\/www.instagram.com\/groupecasarenova?igsh=bHZha3E3b3A2cjB6&utm_source=qr\"]},{\"@type\":\"Person\",\"@id\":\"https:\/\/groupecasarenova.ca\/#\/schema\/person\/6cf9f03cdfbb0e6b04f3fc238e0d13d1\",\"name\":\"Groupe Casa Renova\",\"image\":{\"@type\":\"ImageObject\",\"inLanguage\":\"fr-CA\",\"@id\":\"https:\/\/secure.gravatar.com\/avatar\/99006cf710b732414977e7bcd6ab2149c2c4b365f7685534dc046e1144dc3883?s=96&d=mm&r=g\",\"url\":\"https:\/\/secure.gravatar.com\/avatar\/99006cf710b732414977e7bcd6ab2149c2c4b365f7685534dc046e1144dc3883?s=96&d=mm&r=g\",\"contentUrl\":\"https:\/\/secure.gravatar.com\/avatar\/99006cf710b732414977e7bcd6ab2149c2c4b365f7685534dc046e1144dc3883?s=96&d=mm&r=g\",\"caption\":\"Groupe Casa Renova\"},\"url\":\"https:\/\/groupecasarenova.ca\/fr\/author\/groupe-casa-renova\/\"}]}<\/script>\n<!-- \/ Yoast SEO plugin. -->","yoast_head_json":{"title":"Optimisez vos r\u00e9novations \u00e0 Laval avec Groupe Casa R\u00e9nova - Groupe Casa R\u00e9nova","description":"Si vous \u00eates \u00e0 la recherche d\u2019un entrepreneur de confiance pour vos projets de r\u00e9novation \u00e0 Laval, plus particuli\u00e8rement dans le quartier de Fabreville, - Optimisez vos r\u00e9novations \u00e0 Laval avec Groupe Casa R\u00e9nova","robots":{"index":"index","follow":"follow","max-snippet":"max-snippet:-1","max-image-preview":"max-image-preview:large","max-video-preview":"max-video-preview:-1"},"canonical":"https:\/\/groupecasarenova.ca\/fr\/optimisez-vos-renovations-a-laval-avec-groupe-casa-renova\/","og_locale":"fr_CA","og_type":"article","og_title":"Optimisez vos r\u00e9novations \u00e0 Laval avec Groupe Casa R\u00e9nova - Groupe Casa R\u00e9nova","og_description":"Si vous \u00eates \u00e0 la recherche d\u2019un entrepreneur de confiance pour vos projets de r\u00e9novation \u00e0 Laval, plus particuli\u00e8rement dans le quartier de Fabreville, - Optimisez vos r\u00e9novations \u00e0 Laval avec Groupe Casa R\u00e9nova","og_url":"https:\/\/groupecasarenova.ca\/fr\/optimisez-vos-renovations-a-laval-avec-groupe-casa-renova\/","og_site_name":"Groupe Casa R\u00e9nova","article_publisher":"https:\/\/www.facebook.com\/profile.php?id=61556683776192&mibextid=LQQJ4d","article_published_time":"2024-09-14T16:01:51+00:00","article_modified_time":"2024-09-20T11:13:52+00:00","og_image":[{"url":"https:\/\/groupecasarenova.ca\/wp-content\/uploads\/2024\/09\/IMG_9731-2-1024x683.jpeg","type":"","width":"","height":""}],"author":"Groupe Casa Renova","twitter_card":"summary_large_image","twitter_misc":{"\u00c9crit par":"Groupe Casa Renova","Estimation du temps de lecture":"3 minutes"},"schema":{"@context":"https:\/\/schema.org","@graph":[{"@type":"Article","@id":"https:\/\/groupecasarenova.ca\/optimisez-vos-renovations-a-laval-avec-groupe-casa-renova\/#article","isPartOf":{"@id":"https:\/\/groupecasarenova.ca\/optimisez-vos-renovations-a-laval-avec-groupe-casa-renova\/"},"author":{"name":"Groupe Casa Renova","@id":"https:\/\/groupecasarenova.ca\/#\/schema\/person\/6cf9f03cdfbb0e6b04f3fc238e0d13d1"},"headline":"Optimisez vos r\u00e9novations \u00e0 Laval avec Groupe Casa R\u00e9nova","datePublished":"2024-09-14T16:01:51+00:00","dateModified":"2024-09-20T11:13:52+00:00","mainEntityOfPage":{"@id":"https:\/\/groupecasarenova.ca\/optimisez-vos-renovations-a-laval-avec-groupe-casa-renova\/"},"wordCount":459,"publisher":{"@id":"https:\/\/groupecasarenova.ca\/#organization"},"image":{"@id":"https:\/\/groupecasarenova.ca\/optimisez-vos-renovations-a-laval-avec-groupe-casa-renova\/#primaryimage"},"thumbnailUrl":"https:\/\/groupecasarenova.ca\/wp-content\/uploads\/2024\/09\/IMG_9731-2-1024x683.jpeg","articleSection":["R\u00e9novation et Construction Grand Montr\u00e9al"],"inLanguage":"fr-CA"},{"@type":"WebPage","@id":"https:\/\/groupecasarenova.ca\/optimisez-vos-renovations-a-laval-avec-groupe-casa-renova\/","url":"https:\/\/groupecasarenova.ca\/optimisez-vos-renovations-a-laval-avec-groupe-casa-renova\/","name":"Optimisez vos r\u00e9novations \u00e0 Laval avec Groupe Casa R\u00e9nova - Groupe Casa R\u00e9nova","isPartOf":{"@id":"https:\/\/groupecasarenova.ca\/#website"},"primaryImageOfPage":{"@id":"https:\/\/groupecasarenova.ca\/optimisez-vos-renovations-a-laval-avec-groupe-casa-renova\/#primaryimage"},"image":{"@id":"https:\/\/groupecasarenova.ca\/optimisez-vos-renovations-a-laval-avec-groupe-casa-renova\/#primaryimage"},"thumbnailUrl":"https:\/\/groupecasarenova.ca\/wp-content\/uploads\/2024\/09\/IMG_9731-2-1024x683.jpeg","datePublished":"2024-09-14T16:01:51+00:00","dateModified":"2024-09-20T11:13:52+00:00","description":"Si vous \u00eates \u00e0 la recherche d\u2019un entrepreneur de confiance pour vos projets de r\u00e9novation \u00e0 Laval, plus particuli\u00e8rement dans le quartier de Fabreville, - Optimisez vos r\u00e9novations \u00e0 Laval avec Groupe Casa R\u00e9nova","breadcrumb":{"@id":"https:\/\/groupecasarenova.ca\/optimisez-vos-renovations-a-laval-avec-groupe-casa-renova\/#breadcrumb"},"inLanguage":"fr-CA","potentialAction":[{"@type":"ReadAction","target":["https:\/\/groupecasarenova.ca\/optimisez-vos-renovations-a-laval-avec-groupe-casa-renova\/"]}]},{"@type":"ImageObject","inLanguage":"fr-CA","@id":"https:\/\/groupecasarenova.ca\/optimisez-vos-renovations-a-laval-avec-groupe-casa-renova\/#primaryimage","url":"https:\/\/groupecasarenova.ca\/wp-content\/uploads\/2024\/09\/IMG_9731-2-1024x683.jpeg","contentUrl":"https:\/\/groupecasarenova.ca\/wp-content\/uploads\/2024\/09\/IMG_9731-2-1024x683.jpeg"},{"@type":"BreadcrumbList","@id":"https:\/\/groupecasarenova.ca\/optimisez-vos-renovations-a-laval-avec-groupe-casa-renova\/#breadcrumb","itemListElement":[{"@type":"ListItem","position":1,"name":"Home","item":"https:\/\/groupecasarenova.ca\/en\/"},{"@type":"ListItem","position":2,"name":"Optimisez vos r\u00e9novations \u00e0 Laval avec Groupe Casa R\u00e9nova"}]},{"@type":"WebSite","@id":"https:\/\/groupecasarenova.ca\/#website","url":"https:\/\/groupecasarenova.ca\/","name":"Groupe Casa R\u00e9nova","description":"R\u00e9novations &amp; Construction","publisher":{"@id":"https:\/\/groupecasarenova.ca\/#organization"},"potentialAction":[{"@type":"SearchAction","target":{"@type":"EntryPoint","urlTemplate":"https:\/\/groupecasarenova.ca\/?s={search_term_string}"},"query-input":{"@type":"PropertyValueSpecification","valueRequired":true,"valueName":"search_term_string"}}],"inLanguage":"fr-CA"},{"@type":"Organization","@id":"https:\/\/groupecasarenova.ca\/#organization","name":"Groupe Casa R\u00e9nova","url":"https:\/\/groupecasarenova.ca\/","logo":{"@type":"ImageObject","inLanguage":"fr-CA","@id":"https:\/\/groupecasarenova.ca\/#\/schema\/logo\/image\/","url":"https:\/\/groupecasarenova.ca\/wp-content\/uploads\/2024\/03\/3B24A0D0-1443-4D71-9B8A-D3926B809349.png","contentUrl":"https:\/\/groupecasarenova.ca\/wp-content\/uploads\/2024\/03\/3B24A0D0-1443-4D71-9B8A-D3926B809349.png","width":4000,"height":2416,"caption":"Groupe Casa R\u00e9nova"},"image":{"@id":"https:\/\/groupecasarenova.ca\/#\/schema\/logo\/image\/"},"sameAs":["https:\/\/www.facebook.com\/profile.php?id=61556683776192&mibextid=LQQJ4d","https:\/\/www.instagram.com\/groupecasarenova?igsh=bHZha3E3b3A2cjB6&utm_source=qr"]},{"@type":"Person","@id":"https:\/\/groupecasarenova.ca\/#\/schema\/person\/6cf9f03cdfbb0e6b04f3fc238e0d13d1","name":"Groupe Casa Renova","image":{"@type":"ImageObject","inLanguage":"fr-CA","@id":"https:\/\/secure.gravatar.com\/avatar\/99006cf710b732414977e7bcd6ab2149c2c4b365f7685534dc046e1144dc3883?s=96&d=mm&r=g","url":"https:\/\/secure.gravatar.com\/avatar\/99006cf710b732414977e7bcd6ab2149c2c4b365f7685534dc046e1144dc3883?s=96&d=mm&r=g","contentUrl":"https:\/\/secure.gravatar.com\/avatar\/99006cf710b732414977e7bcd6ab2149c2c4b365f7685534dc046e1144dc3883?s=96&d=mm&r=g","caption":"Groupe Casa Renova"},"url":"https:\/\/groupecasarenova.ca\/fr\/author\/groupe-casa-renova\/"}]}},"_links":{"self":[{"href":"https:\/\/groupecasarenova.ca\/fr\/wp-json\/wp\/v2\/posts\/1530","targetHints":{"allow":["GET"]}}],"collection":[{"href":"https:\/\/groupecasarenova.ca\/fr\/wp-json\/wp\/v2\/posts"}],"about":[{"href":"https:\/\/groupecasarenova.ca\/fr\/wp-json\/wp\/v2\/types\/post"}],"author":[{"embeddable":true,"href":"https:\/\/groupecasarenova.ca\/fr\/wp-json\/wp\/v2\/users\/2"}],"replies":[{"embeddable":true,"href":"https:\/\/groupecasarenova.ca\/fr\/wp-json\/wp\/v2\/comments?post=1530"}],"version-history":[{"count":1,"href":"https:\/\/groupecasarenova.ca\/fr\/wp-json\/wp\/v2\/posts\/1530\/revisions"}],"predecessor-version":[{"id":1532,"href":"https:\/\/groupecasarenova.ca\/fr\/wp-json\/wp\/v2\/posts\/1530\/revisions\/1532"}],"wp:attachment":[{"href":"https:\/\/groupecasarenova.ca\/fr\/wp-json\/wp\/v2\/media?parent=1530"}],"wp:term":[{"taxonomy":"category","embeddable":true,"href":"https:\/\/groupecasarenova.ca\/fr\/wp-json\/wp\/v2\/categories?post=1530"},{"taxonomy":"post_tag","embeddable":true,"href":"https:\/\/groupecasarenova.ca\/fr\/wp-json\/wp\/v2\/tags?post=1530"}],"curies":[{"name":"wp","href":"https:\/\/api.w.org\/{rel}","templated":true}]}}